{"id":1,"date":"2023-06-20T14:06:11","date_gmt":"2023-06-20T12:06:11","guid":{"rendered":"http:\/\/xavierr.cluster026.hosting.ovh.net\/?p=1"},"modified":"2024-12-19T11:48:53","modified_gmt":"2024-12-19T10:48:53","slug":"realisation-reportage-photo-et-video-evenementiel","status":"publish","type":"post","link":"https:\/\/www.xaviergranet.com\/en\/realisation-reportage-photo-et-video-evenementiel\/","title":{"rendered":"Organising photo and video coverage for a corporate event."},"content":{"rendered":"<div class=\"flex-1 overflow-hidden\">\n<div class=\"h-full\">\n<div class=\"react-scroll-to-bottom--css-zohqb-79elbk h-full\">\n<div class=\"react-scroll-to-bottom--css-zohqb-1n7m0yu\">\n<div class=\"flex flex-col text-sm md:pb-9\">\n<article class=\"w-full scroll-mb-[var(--thread-trailing-height,150px)] text-token-text-primary focus-visible:outline-2 focus-visible:outline-offset-[-4px]\" dir=\"auto\" data-testid=\"conversation-turn-43\" data-scroll-anchor=\"true\">\n<div class=\"m-auto text-base py-[18px] px-3 md:px-4 w-full md:px-5 lg:px-4 xl:px-5\">\n<div class=\"mx-auto flex flex-1 gap-4 text-base md:gap-5 lg:gap-6 md:max-w-3xl lg:max-w-[40rem] xl:max-w-[48rem]\">\n<div class=\"group\/conversation-turn relative flex w-full min-w-0 flex-col agent-turn\">\n<div class=\"flex-col gap-1 md:gap-3\">\n<div class=\"flex max-w-full flex-col flex-grow\">\n<div class=\"min-h-8 text-message flex w-full flex-col items-end gap-2 whitespace-normal break-words [.text-message+&amp;]:mt-5\" dir=\"auto\" data-message-author-role=\"assistant\" data-message-id=\"25a42850-935b-47aa-97ff-d5dd5fbde96a\" data-message-model-slug=\"gpt-4o\">\n<div class=\"flex w-full flex-col gap-1 empty:hidden first:pt-[3px]\">\n<div class=\"markdown prose w-full break-words dark:prose-invert light\">\n<h1><strong>R\u00e9alisation d\u2019un reportage photo et vid\u00e9o pour un \u00e9v\u00e9nement corporate \u00e0 Paris.<\/strong><\/h1>\n<p><img alt=\"\" decoding=\"async\" class=\"alignleft size-gallery wp-image-6194\" src=\"https:\/\/www.xaviergranet.com\/wp-content\/uploads\/2024\/10\/reportage-video-paris-evenement-845x684.jpg\" alt=\"\" width=\"845\" height=\"684\" srcset=\"https:\/\/www.xaviergranet.com\/wp-content\/uploads\/2024\/10\/reportage-video-paris-evenement-845x684.jpg 845w, https:\/\/www.xaviergranet.com\/wp-content\/uploads\/2024\/10\/reportage-video-paris-evenement-495x400.jpg 495w\" sizes=\"(max-width: 845px) 100vw, 845px\" \/><strong>Pourquoi choisir un reportage photo et vid\u00e9o pour un \u00e9v\u00e9nement corporate ?<\/strong><br \/>\nUn reportage photo et vid\u00e9o est essentiel pour immortaliser un \u00e9v\u00e9nement d\u2019entreprise, qu\u2019il s\u2019agisse d\u2019une conf\u00e9rence, d\u2019un s\u00e9minaire ou d\u2019un lancement de produit. Les photos permettent de capturer des moments-cl\u00e9s, des interactions et l\u2019ambiance g\u00e9n\u00e9rale, tandis que les vid\u00e9os ajoutent une dimension vivante et immersive. Ensemble, ces deux supports offrent un contenu riche, id\u00e9al pour communiquer sur vos r\u00e9seaux sociaux, votre site web ou dans des supports internes.<\/p>\n<p><strong>Quels sont les avantages de confier photo et vid\u00e9o \u00e0 un seul op\u00e9rateur ?<\/strong><br \/>\nL\u2019un des principaux avantages est la coordination simplifi\u00e9e. En ayant un seul op\u00e9rateur capable de g\u00e9rer la photographie et la vid\u00e9o, vous \u00e9liminez les risques de d\u00e9synchronisation entre les deux \u00e9quipes. De plus, cela r\u00e9duit les co\u00fbts logistiques, tout en garantissant une coh\u00e9rence visuelle entre les supports photo et vid\u00e9o. Ce type de prestation est particuli\u00e8rement pratique pour des \u00e9v\u00e9nements o\u00f9 le timing est serr\u00e9 et o\u00f9 chaque instant compte.<\/p>\n<p><strong>Comment se d\u00e9roule la pr\u00e9paration d\u2019un reportage photo et vid\u00e9o pour un \u00e9v\u00e9nement corporate ?<\/strong><br \/>\nLa pr\u00e9paration commence par une r\u00e9union avec l\u2019organisateur pour comprendre les objectifs, les moments-cl\u00e9s \u00e0 capturer, et les sp\u00e9cificit\u00e9s de l\u2019\u00e9v\u00e9nement. Ensuite, un rep\u00e9rage du lieu est effectu\u00e9 pour anticiper les angles de prise de vue et l\u2019\u00e9clairage. Enfin, un planning pr\u00e9cis est \u00e9labor\u00e9, en tenant compte du d\u00e9roul\u00e9 de l\u2019\u00e9v\u00e9nement, afin de capturer \u00e0 la fois des clich\u00e9s spontan\u00e9s et des s\u00e9quences vid\u00e9o dynamiques.<\/p>\n<p><strong>Quels types de contenus peuvent \u00eatre produits \u00e0 partir d\u2019un reportage photo et vid\u00e9o ?<\/strong><br \/>\nLes possibilit\u00e9s sont nombreuses ! Pour la partie photo, on peut produire des portraits, des photos d\u2019ambiance, et des clich\u00e9s des temps forts. Pour la vid\u00e9o, cela inclut des montages dynamiques, des interviews d\u2019intervenants, des t\u00e9moignages clients ou encore un r\u00e9sum\u00e9 visuel de l\u2019\u00e9v\u00e9nement. Ces contenus sont parfaits pour les r\u00e9seaux sociaux, les newsletters, ou les r\u00e9trospectives d\u2019entreprise.<img alt=\"\" decoding=\"async\" class=\"alignleft size-gallery wp-image-6182\" src=\"https:\/\/www.xaviergranet.com\/wp-content\/uploads\/2024\/10\/photo-video-reportage-evenement-845x684.jpg\" alt=\"\" width=\"845\" height=\"684\" srcset=\"https:\/\/www.xaviergranet.com\/wp-content\/uploads\/2024\/10\/photo-video-reportage-evenement-845x684.jpg 845w, https:\/\/www.xaviergranet.com\/wp-content\/uploads\/2024\/10\/photo-video-reportage-evenement-495x400.jpg 495w\" sizes=\"(max-width: 845px) 100vw, 845px\" \/><\/p>\n<p><strong>Quels sont les d\u00e9fis de couvrir un \u00e9v\u00e9nement corporate en combinant photo et vid\u00e9o ?<\/strong><br \/>\nLe principal d\u00e9fi est de jongler entre les deux disciplines tout en respectant le rythme de l\u2019\u00e9v\u00e9nement. Il faut savoir \u00eatre rapide et polyvalent : capturer un moment en photo, puis imm\u00e9diatement passer \u00e0 la vid\u00e9o sans perdre l\u2019essence de l\u2019instant. Cela demande une parfaite ma\u00eetrise technique, de l\u2019exp\u00e9rience et un mat\u00e9riel adapt\u00e9. Avec une bonne pr\u00e9paration et un \u0153il averti, il est tout \u00e0 fait possible de r\u00e9ussir cette double mission et de livrer des contenus de haute qualit\u00e9.<\/p>\n<p>Ce type de prestation, \u00e0 la fois flexible et efficace, est particuli\u00e8rement adapt\u00e9 pour les entreprises souhaitant optimiser leur budget tout en obtenant des contenus vari\u00e9s pour leur communication.<\/p>\n<\/div>\n<\/div>\n<\/div>\n<\/div>\n<div class=\"mb-2 flex gap-3 empty:hidden -ml-2\">\n<div class=\"items-center justify-start rounded-xl p-1 flex\">\n<div class=\"flex items-center\">\n<div class=\"flex items-center pb-0\"><a href=\"https:\/\/www.youtube.com\/watch?v=WZcq7hF4OV8\" target=\"_blank\" rel=\"noopener\">D\u00e9couvrez l&rsquo;after movie r\u00e9alis\u00e9 pour l&rsquo;organisation ThinkYoung<\/a><\/div>\n<\/div>\n<\/div>\n<\/div>\n<\/div>\n<\/div>\n<\/div>\n<\/div>\n<\/article>\n<\/div>\n<\/div>\n<\/div>\n<\/div>\n<\/div>\n","protected":false},"excerpt":{"rendered":"<p>R\u00e9alisation d\u2019un reportage photo et vid\u00e9o pour un \u00e9v\u00e9nement corporate \u00e0 Paris. Pourquoi choisir un reportage photo et vid\u00e9o pour un \u00e9v\u00e9nement corporate ? Un reportage photo et vid\u00e9o est essentiel pour immortaliser un \u00e9v\u00e9nement d\u2019entreprise, qu\u2019il s\u2019agisse d\u2019une conf\u00e9rence, d\u2019un s\u00e9minaire ou d\u2019un lancement de produit. Les photos permettent de capturer des moments-cl\u00e9s, des [&hellip;]<\/p>\n","protected":false},"author":1,"featured_media":6330,"comment_status":"open","ping_status":"open","sticky":false,"template":"","format":"standard","meta":{"_seopress_titles_title":"%%sitename%%","_seopress_titles_desc":"","_seopress_robots_index":"","_seopress_robots_follow":"","_seopress_robots_imageindex":"","_seopress_robots_snippet":"","_seopress_robots_primary_cat":"none","_seopress_robots_breadcrumbs":"","_seopress_robots_freeze_modified_date":"","_seopress_robots_custom_modified_date":"","_seopress_robots_canonical":"","_seopress_social_fb_title":"","_seopress_social_fb_desc":"","_seopress_social_fb_img":"","_seopress_social_fb_img_attachment_id":0,"_seopress_social_fb_img_width":0,"_seopress_social_fb_img_height":0,"_seopress_social_twitter_title":"","_seopress_social_twitter_desc":"","_seopress_social_twitter_img":"","_seopress_social_twitter_img_attachment_id":0,"_seopress_social_twitter_img_width":0,"_seopress_social_twitter_img_height":0,"_seopress_redirections_value":"","_seopress_redirections_enabled":"","_seopress_redirections_enabled_regex":"","_seopress_redirections_logged_status":"both","_seopress_redirections_param":"","_seopress_redirections_type":301,"_seopress_analysis_target_kw":"","_seopress_news_disabled":"","_seopress_video_disabled":"","_seopress_video":[],"_seopress_pro_schemas_manual":[],"_seopress_pro_rich_snippets_disable_all":"","_seopress_pro_rich_snippets_disable":[],"_seopress_pro_schemas":[],"inline_featured_image":false,"footnotes":""},"categories":[34],"tags":[],"class_list":["post-1","post","type-post","status-publish","format-standard","has-post-thumbnail","hentry","category-etudes-de-cas"],"_links":{"self":[{"href":"https:\/\/www.xaviergranet.com\/en\/wp-json\/wp\/v2\/posts\/1","targetHints":{"allow":["GET"]}}],"collection":[{"href":"https:\/\/www.xaviergranet.com\/en\/wp-json\/wp\/v2\/posts"}],"about":[{"href":"https:\/\/www.xaviergranet.com\/en\/wp-json\/wp\/v2\/types\/post"}],"author":[{"embeddable":true,"href":"https:\/\/www.xaviergranet.com\/en\/wp-json\/wp\/v2\/users\/1"}],"replies":[{"embeddable":true,"href":"https:\/\/www.xaviergranet.com\/en\/wp-json\/wp\/v2\/comments?post=1"}],"version-history":[{"count":0,"href":"https:\/\/www.xaviergranet.com\/en\/wp-json\/wp\/v2\/posts\/1\/revisions"}],"wp:featuredmedia":[{"embeddable":true,"href":"https:\/\/www.xaviergranet.com\/en\/wp-json\/wp\/v2\/media\/6330"}],"wp:attachment":[{"href":"https:\/\/www.xaviergranet.com\/en\/wp-json\/wp\/v2\/media?parent=1"}],"wp:term":[{"taxonomy":"category","embeddable":true,"href":"https:\/\/www.xaviergranet.com\/en\/wp-json\/wp\/v2\/categories?post=1"},{"taxonomy":"post_tag","embeddable":true,"href":"https:\/\/www.xaviergranet.com\/en\/wp-json\/wp\/v2\/tags?post=1"}],"curies":[{"name":"wp","href":"https:\/\/api.w.org\/{rel}","templated":true}]}}