{"id":6535,"date":"2024-11-20T12:35:22","date_gmt":"2024-11-20T11:35:22","guid":{"rendered":"https:\/\/www.xaviergranet.com\/?p=6535"},"modified":"2025-01-02T15:25:59","modified_gmt":"2025-01-02T14:25:59","slug":"comment-realiser-un-portrait-corporate","status":"publish","type":"post","link":"https:\/\/www.xaviergranet.com\/en\/comment-realiser-un-portrait-corporate\/","title":{"rendered":"Do you need a corporate portrait?"},"content":{"rendered":"<div class=\"flex-1 overflow-hidden\">\n<div class=\"h-full\">\n<div class=\"react-scroll-to-bottom--css-zohqb-79elbk h-full\">\n<div class=\"react-scroll-to-bottom--css-zohqb-1n7m0yu\">\n<div class=\"flex flex-col text-sm md:pb-9\">\n<article class=\"w-full scroll-mb-[var(--thread-trailing-height,150px)] text-token-text-primary focus-visible:outline-2 focus-visible:outline-offset-[-4px]\" dir=\"auto\" data-testid=\"conversation-turn-43\" data-scroll-anchor=\"true\">\n<div class=\"m-auto text-base py-[18px] px-3 md:px-4 w-full md:px-5 lg:px-4 xl:px-5\">\n<div class=\"mx-auto flex flex-1 gap-4 text-base md:gap-5 lg:gap-6 md:max-w-3xl lg:max-w-[40rem] xl:max-w-[48rem]\">\n<div class=\"group\/conversation-turn relative flex w-full min-w-0 flex-col agent-turn\">\n<div class=\"flex-col gap-1 md:gap-3\">\n<div class=\"flex max-w-full flex-col flex-grow\">\n<div class=\"min-h-8 text-message flex w-full flex-col items-end gap-2 whitespace-normal break-words [.text-message+&amp;]:mt-5\" dir=\"auto\" data-message-author-role=\"assistant\" data-message-id=\"25a42850-935b-47aa-97ff-d5dd5fbde96a\" data-message-model-slug=\"gpt-4o\">\n<div class=\"flex w-full flex-col gap-1 empty:hidden first:pt-[3px]\">\n<div class=\"markdown prose w-full break-words dark:prose-invert light\">\n<h2><strong>Pourquoi un portrait corporate est-il important pour une entreprise ?<\/strong><\/h2>\n<h2><strong><img decoding=\"async\" class=\"size-gallery wp-image-2688 alignnone\" src=\"https:\/\/www.xaviergranet.com\/wp-content\/uploads\/2024\/01\/portrait-photo-chercheur-845x684.jpg\" alt=\"Photo portrait corporate\" width=\"845\" height=\"684\" srcset=\"https:\/\/www.xaviergranet.com\/wp-content\/uploads\/2024\/01\/portrait-photo-chercheur-845x684.jpg 845w, https:\/\/www.xaviergranet.com\/wp-content\/uploads\/2024\/01\/portrait-photo-chercheur-495x400.jpg 495w\" sizes=\"(max-width: 845px) 100vw, 845px\" \/><\/strong><\/h2>\n<p>Un portrait corporate est bien plus qu\u2019une simple photo. Il refl\u00e8te l\u2019identit\u00e9 et les valeurs de l\u2019entreprise \u00e0 travers les visages de ses collaborateurs. Que ce soit pour un site web, un profil LinkedIn ou des supports de communication interne et externe, un portrait corporate soign\u00e9 inspire confiance, professionnalisme et authenticit\u00e9 aupr\u00e8s des clients, partenaires et prospects.<\/p>\n<p>Voici quelques <a href=\"https:\/\/www.adobe.com\/fr\/creativecloud\/photography\/discover\/corporate-headshots.html\" target=\"_blank\" rel=\"noopener\">t\u00e9moignages<\/a> qui confirme l&rsquo;apport d&rsquo;un professionnel pour ce type de r\u00e9alisation.<\/p>\n<h3><strong>Comment se d\u00e9roule la pr\u00e9paration d\u2019un portrait corporate ?<\/strong><\/h3>\n<p>La premi\u00e8re \u00e9tape est une discussion avec l\u2019entreprise pour comprendre ses attentes : quel style de portrait souhaite-t-elle ? Un rendu formel, dynamique, ou naturel ? Ensuite, on d\u00e9termine le lieu du shooting, qui peut \u00eatre r\u00e9alis\u00e9 en studio, sur site, ou dans un environnement en lien avec l\u2019activit\u00e9 de l\u2019entreprise. La pr\u00e9paration inclut \u00e9galement des conseils sur la tenue vestimentaire, l\u2019attitude \u00e0 adopter et la mise en valeur de chaque personne pour refl\u00e9ter leur personnalit\u00e9 et leur r\u00f4le.<\/p>\n<h3><strong>Quelles sont les techniques utilis\u00e9es pour mettre \u00e0 l\u2019aise les collaborateurs devant l\u2019objectif ?<\/strong><\/h3>\n<p>Beaucoup de personnes ne se sentent pas \u00e0 l\u2019aise devant une cam\u00e9ra, et c\u2019est normal. Mon r\u00f4le est de cr\u00e9er un environnement d\u00e9tendu et convivial pour que chacun se sente en confiance. Je commence souvent par des \u00e9changes informels pour briser la glace. Pendant le shooting, je donne des indications claires sur les postures, les expressions et les angles qui fonctionnent le mieux, tout en encourageant les collaborateurs \u00e0 rester naturels.<img decoding=\"async\" class=\"size-gallery wp-image-2633 alignnone\" src=\"https:\/\/www.xaviergranet.com\/wp-content\/uploads\/2024\/01\/portrait-photo-entreprise-corporate-845x684.jpg\" alt=\"Portrait corporate r\u00e9alis\u00e9 dans l'entreprise\" width=\"845\" height=\"684\" srcset=\"https:\/\/www.xaviergranet.com\/wp-content\/uploads\/2024\/01\/portrait-photo-entreprise-corporate-845x684.jpg 845w, https:\/\/www.xaviergranet.com\/wp-content\/uploads\/2024\/01\/portrait-photo-entreprise-corporate-495x400.jpg 495w\" sizes=\"(max-width: 845px) 100vw, 845px\" \/><\/p>\n<h3><strong>Combien de temps faut-il pour r\u00e9aliser un portrait corporate ?<\/strong><\/h3>\n<p>La dur\u00e9e d\u00e9pend du nombre de personnes \u00e0 photographier et du niveau de pr\u00e9paration requis. En moyenne, un portrait individuel prend entre 10 et 20 minutes, surtout lorsqu\u2019on optimise le cadre et la lumi\u00e8re \u00e0 l\u2019avance. Si l\u2019on travaille avec plusieurs collaborateurs ou sur diff\u00e9rents sites, une demi-journ\u00e9e ou une journ\u00e9e compl\u00e8te peut \u00eatre n\u00e9cessaire. L\u2019objectif est de prendre le temps qu\u2019il faut pour obtenir des portraits de qualit\u00e9 tout en respectant le planning de l\u2019entreprise.<\/p>\n<h3><strong>Quels sont les r\u00e9sultats attendus d\u2019un portrait corporate r\u00e9ussi ?<\/strong><\/h3>\n<p>Un portrait corporate r\u00e9ussi doit refl\u00e9ter \u00e0 la fois le professionnalisme et la personnalit\u00e9 du collaborateur, tout en s\u2019int\u00e9grant harmonieusement dans l\u2019identit\u00e9 visuelle de l\u2019entreprise. Les images doivent \u00eatre de haute qualit\u00e9, pr\u00eates \u00e0 \u00eatre utilis\u00e9es sur divers supports : sites web, profils LinkedIn, brochures ou pr\u00e9sentations. Ces portraits contribuent \u00e0 renforcer la cr\u00e9dibilit\u00e9 de l\u2019entreprise, humanisent la marque et permettent de cr\u00e9er un lien de proximit\u00e9 avec les clients et partenaires.<\/p>\n<p>Avec une pr\u00e9paration minutieuse et une approche personnalis\u00e9e, chaque portrait devient un v\u00e9ritable atout pour la communication de l\u2019entreprise, mettant en valeur ceux qui la font vivre.<\/p>\n<p>Voici des exemples en ligne de mes r\u00e9alisations et d&rsquo;une mise en application d&rsquo;un portrait corporate :<br \/>\n<a href=\"https:\/\/blog.headway-advisory.com\/le-fil-conducteur-strategique-commun-de-licam-est-lecologie-integrale-gilles-vandecaveye-directeur-de-licam\/\" target=\"_blank\" rel=\"noopener\">Portrait de Gilles Vandecaveye, directeur de l\u2019Icam<\/a><br \/>\n<a href=\"https:\/\/negoce.zepros.fr\/actu-enseignes\/dynamique-bigmat-assaut-transition-energetique\" target=\"_blank\" rel=\"noopener\">Fabio Rinaldi (pr\u00e9sident du directoire de BigMat France<\/a>)<br \/>\n<a href=\"https:\/\/www.lavoixdunord.fr\/1280745\/article\/2023-01-19\/toujust-le-supermarche-aux-prix-5-10-moins-chers-arrive-lens-et-cambrai\" target=\"_blank\" rel=\"noopener\">Fabrice Gerber fondateur de la cha\u00eene de supermarch\u00e9s Toujust<\/a><\/p>\n<\/div>\n<\/div>\n<\/div>\n<\/div>\n<\/div>\n<\/div>\n<\/div>\n<\/div>\n<\/article>\n<\/div>\n<\/div>\n<\/div>\n<\/div>\n<\/div>\n","protected":false},"excerpt":{"rendered":"<p>Pourquoi un portrait corporate est-il important pour une entreprise ? Un portrait corporate est bien plus qu\u2019une simple photo. Il refl\u00e8te l\u2019identit\u00e9 et les valeurs de l\u2019entreprise \u00e0 travers les visages de ses collaborateurs. Que ce soit pour un site web, un profil LinkedIn ou des supports de communication interne et externe, un portrait corporate [&hellip;]<\/p>\n","protected":false},"author":2,"featured_media":2688,"comment_status":"open","ping_status":"open","sticky":false,"template":"","format":"standard","meta":{"_seopress_titles_title":"%%sitename%%","_seopress_titles_desc":"","_seopress_robots_index":"","_seopress_robots_follow":"","_seopress_robots_imageindex":"","_seopress_robots_snippet":"","_seopress_robots_primary_cat":"none","_seopress_robots_breadcrumbs":"","_seopress_robots_freeze_modified_date":"","_seopress_robots_custom_modified_date":"","_seopress_robots_canonical":"","_seopress_social_fb_title":"","_seopress_social_fb_desc":"","_seopress_social_fb_img":"","_seopress_social_fb_img_attachment_id":0,"_seopress_social_fb_img_width":0,"_seopress_social_fb_img_height":0,"_seopress_social_twitter_title":"","_seopress_social_twitter_desc":"","_seopress_social_twitter_img":"","_seopress_social_twitter_img_attachment_id":0,"_seopress_social_twitter_img_width":0,"_seopress_social_twitter_img_height":0,"_seopress_redirections_value":"","_seopress_redirections_enabled":"","_seopress_redirections_enabled_regex":"","_seopress_redirections_logged_status":"both","_seopress_redirections_param":"","_seopress_redirections_type":301,"_seopress_analysis_target_kw":"","_seopress_news_disabled":"","_seopress_video_disabled":"","_seopress_video":[],"_seopress_pro_schemas_manual":[],"_seopress_pro_rich_snippets_disable_all":"","_seopress_pro_rich_snippets_disable":[],"_seopress_pro_schemas":[],"inline_featured_image":false,"footnotes":""},"categories":[34],"tags":[],"class_list":["post-6535","post","type-post","status-publish","format-standard","has-post-thumbnail","hentry","category-etudes-de-cas"],"_links":{"self":[{"href":"https:\/\/www.xaviergranet.com\/en\/wp-json\/wp\/v2\/posts\/6535","targetHints":{"allow":["GET"]}}],"collection":[{"href":"https:\/\/www.xaviergranet.com\/en\/wp-json\/wp\/v2\/posts"}],"about":[{"href":"https:\/\/www.xaviergranet.com\/en\/wp-json\/wp\/v2\/types\/post"}],"author":[{"embeddable":true,"href":"https:\/\/www.xaviergranet.com\/en\/wp-json\/wp\/v2\/users\/2"}],"replies":[{"embeddable":true,"href":"https:\/\/www.xaviergranet.com\/en\/wp-json\/wp\/v2\/comments?post=6535"}],"version-history":[{"count":0,"href":"https:\/\/www.xaviergranet.com\/en\/wp-json\/wp\/v2\/posts\/6535\/revisions"}],"wp:featuredmedia":[{"embeddable":true,"href":"https:\/\/www.xaviergranet.com\/en\/wp-json\/wp\/v2\/media\/2688"}],"wp:attachment":[{"href":"https:\/\/www.xaviergranet.com\/en\/wp-json\/wp\/v2\/media?parent=6535"}],"wp:term":[{"taxonomy":"category","embeddable":true,"href":"https:\/\/www.xaviergranet.com\/en\/wp-json\/wp\/v2\/categories?post=6535"},{"taxonomy":"post_tag","embeddable":true,"href":"https:\/\/www.xaviergranet.com\/en\/wp-json\/wp\/v2\/tags?post=6535"}],"curies":[{"name":"wp","href":"https:\/\/api.w.org\/{rel}","templated":true}]}}