{"id":6656,"date":"2024-12-16T12:11:16","date_gmt":"2024-12-16T11:11:16","guid":{"rendered":"https:\/\/www.xaviergranet.com\/?p=6656"},"modified":"2024-12-19T11:44:37","modified_gmt":"2024-12-19T10:44:37","slug":"reportage-industriel","status":"publish","type":"post","link":"https:\/\/www.xaviergranet.com\/en\/reportage-industriel\/","title":{"rendered":"The role of the industrial photographer and the process of producing a photo report for an industrial group."},"content":{"rendered":"<div class=\"flex-1 overflow-hidden\">\n<div class=\"h-full\">\n<div class=\"react-scroll-to-bottom--css-zohqb-79elbk h-full\">\n<div class=\"react-scroll-to-bottom--css-zohqb-1n7m0yu\">\n<div class=\"flex flex-col text-sm md:pb-9\">\n<article class=\"w-full scroll-mb-[var(--thread-trailing-height,150px)] text-token-text-primary focus-visible:outline-2 focus-visible:outline-offset-[-4px]\" dir=\"auto\" data-testid=\"conversation-turn-43\" data-scroll-anchor=\"true\">\n<div class=\"m-auto text-base py-[18px] px-3 md:px-4 w-full md:px-5 lg:px-4 xl:px-5\">\n<div class=\"mx-auto flex flex-1 gap-4 text-base md:gap-5 lg:gap-6 md:max-w-3xl lg:max-w-[40rem] xl:max-w-[48rem]\">\n<div class=\"group\/conversation-turn relative flex w-full min-w-0 flex-col agent-turn\">\n<div class=\"flex-col gap-1 md:gap-3\">\n<div class=\"flex max-w-full flex-col flex-grow\">\n<div class=\"min-h-8 text-message flex w-full flex-col items-end gap-2 whitespace-normal break-words [.text-message+&amp;]:mt-5\" dir=\"auto\" data-message-author-role=\"assistant\" data-message-id=\"25a42850-935b-47aa-97ff-d5dd5fbde96a\" data-message-model-slug=\"gpt-4o\">\n<div class=\"flex w-full flex-col gap-1 empty:hidden first:pt-[3px]\">\n<div class=\"markdown prose w-full break-words dark:prose-invert light\">\n<p><img decoding=\"async\" class=\"size-16:9 wp-image-4250 alignnone\" src=\"https:\/\/www.xaviergranet.com\/wp-content\/uploads\/2024\/01\/photographe-chantier-1260x709.jpg\" alt=\"Reportage photo sur la mise en place d'un v\u00e9rin\" width=\"1260\" height=\"709\" srcset=\"https:\/\/www.xaviergranet.com\/wp-content\/uploads\/2024\/01\/photographe-chantier-1260x709.jpg 1260w, https:\/\/www.xaviergranet.com\/wp-content\/uploads\/2024\/01\/photographe-chantier-400x225.jpg 400w\" sizes=\"(max-width: 1260px) 100vw, 1260px\" \/><\/p>\n<h2>L&rsquo;importance de la communication dans l&rsquo;univers industriel et la mission d&rsquo;un photographe de reportage industriel.<\/h2>\n<p>Dans un monde de plus en plus ax\u00e9 sur l\u2019image, les entreprises industrielles doivent soigner leur communication visuelle pour mettre en avant leurs produits, leurs \u00e9quipes et leur savoir-faire. Un photographe industriel joue un r\u00f4le cl\u00e9 dans cette d\u00e9marche, en capturant des images professionnelles qui illustrent les valeurs et l\u2019expertise d\u2019un groupe industriel. Mais comment se d\u00e9roule exactement le processus de r\u00e9alisation d\u2019un reportage industriel destin\u00e9 \u00e0 la communication du groupe ?<\/p>\n<h3 class=\"p2\"><span class=\"s1\"><b>1. Compr\u00e9hension des objectifs et de l&rsquo;identit\u00e9 du groupe<\/b><\/span><\/h3>\n<p class=\"p1\"><span class=\"s1\">Le processus d\u00e9bute par une rencontre entre le photographe et l&rsquo;\u00e9quipe de communication du groupe industriel. L&rsquo;objectif est de comprendre les messages que l&rsquo;entreprise souhaite v\u00e9hiculer \u00e0 travers les images. Est-ce pour valoriser une nouvelle ligne de production ? Mettre en avant l\u2019engagement environnemental ? Ou peut-\u00eatre renforcer la pr\u00e9sentation des \u00e9quipes et des talents ? Cette \u00e9tape permet de cerner les besoins sp\u00e9cifiques du groupe et de d\u00e9finir l\u2019angle visuel du reportage.<\/span><\/p>\n<h3 class=\"p2\"><span class=\"s1\"><b>2. Pr\u00e9paration et planification du reportage<\/b><\/span><\/h3>\n<p class=\"p1\"><span class=\"s1\">Une fois les objectifs clarifi\u00e9s, le photographe en accord avec l\u2019entreprise planifie les prises de vue. Cela implique un rep\u00e9rage des lieux de production, des zones sp\u00e9cifiques \u00e0 photographier, et de la coordination avec les \u00e9quipes pour organiser les s\u00e9ances photo sans perturber le fonctionnement quotidien de l\u2019usine. Il peut s&rsquo;agir de photographier des machines en action, des interactions entre les employ\u00e9s ou encore des aspects de l&rsquo;environnement de travail qui mettent en valeur la s\u00e9curit\u00e9 et l\u2019innovation.<\/span><\/p>\n<p><img decoding=\"async\" class=\"size-16:9 wp-image-3149 alignnone\" src=\"https:\/\/www.xaviergranet.com\/wp-content\/uploads\/2024\/01\/photographe-industrie-secteur-aeronautique-1260x709.jpg\" alt=\"Reportage photo sur une usine\" width=\"1260\" height=\"709\" srcset=\"https:\/\/www.xaviergranet.com\/wp-content\/uploads\/2024\/01\/photographe-industrie-secteur-aeronautique-1260x709.jpg 1260w, https:\/\/www.xaviergranet.com\/wp-content\/uploads\/2024\/01\/photographe-industrie-secteur-aeronautique-400x225.jpg 400w\" sizes=\"(max-width: 1260px) 100vw, 1260px\" \/><\/p>\n<h3 class=\"p2\"><span class=\"s1\"><b>3. Le tournage sur site<\/b><\/span><\/h3>\n<p class=\"p1\"><span class=\"s1\">Le jour du reportage, le photographe se rend sur site avec tout le mat\u00e9riel n\u00e9cessaire ainsi que les EPI pour capturer des images, souvent dans des conditions complexes li\u00e9es \u00e0 l&rsquo;\u00e9clairage industriel. Il travaille discr\u00e8tement pour ne pas d\u00e9ranger les \u00e9quipes, tout en capturant des moments-cl\u00e9s qui refl\u00e8tent l\u2019ambiance de l\u2019entreprise, la pr\u00e9cision du travail et les valeurs du groupe. La photographie industrielle peut inclure des portraits d&#8217;employ\u00e9s, des photos de production en action, des vues de l\u2019infrastructure et des d\u00e9tails techniques.<\/span><\/p>\n<h3 class=\"p2\"><span class=\"s1\"><b>4. Post-production et retouche<\/b><\/span><\/h3>\n<p class=\"p1\"><span class=\"s1\">Apr\u00e8s la prise de vue, la phase de post-production commence. Les images sont soigneusement s\u00e9lectionn\u00e9es et retouch\u00e9es pour en am\u00e9liorer la clart\u00e9, la luminosit\u00e9 et la mise en valeur des \u00e9l\u00e9ments importants. Cela peut inclure l\u2019ajustement des couleurs, la correction des imperfections et l\u2019int\u00e9gration de la charte graphique de l\u2019entreprise. Le but est d\u2019obtenir des photos parfaitement adapt\u00e9es aux supports de communication du groupe.<\/span><\/p>\n<h3 class=\"p2\"><span class=\"s1\"><b>5. Livraison et utilisation des photos<\/b><\/span><\/h3>\n<p class=\"p1\"><span class=\"s1\">Les photos finalis\u00e9es sont ensuite livr\u00e9es dans diff\u00e9rents formats et r\u00e9solutions, en fonction de leur utilisation (site web, brochures, rapports annuels, etc.). Ces images deviennent un outil cl\u00e9 pour la communication du groupe industriel, contribuant \u00e0 renforcer son image de marque, promouvoir ses produits et services, et valoriser ses \u00e9quipes et son environnement de travail.<\/span><\/p>\n<p><img decoding=\"async\" class=\"size-16:9 wp-image-2274 alignnone\" src=\"https:\/\/www.xaviergranet.com\/wp-content\/uploads\/2023\/12\/photographe-industrie-precision-1260x709.jpg\" alt=\"Image d'une op\u00e9ratrice sur un banc de mesure\" width=\"1260\" height=\"709\" srcset=\"https:\/\/www.xaviergranet.com\/wp-content\/uploads\/2023\/12\/photographe-industrie-precision-1260x709.jpg 1260w, https:\/\/www.xaviergranet.com\/wp-content\/uploads\/2023\/12\/photographe-industrie-precision-400x225.jpg 400w\" sizes=\"(max-width: 1260px) 100vw, 1260px\" \/><\/p>\n<h3 class=\"p3\"><span class=\"s1\"><b>Pourquoi un reportage photo industriel est-il essentiel ?<\/b><\/span><\/h3>\n<p class=\"p1\"><span class=\"s1\">Dans le secteur industriel, la photographie est un moyen puissant de montrer l\u2019envers du d\u00e9cor. Un reportage photo de qualit\u00e9 permet de rendre visibles des processus complexes, de d\u00e9montrer l&rsquo;expertise technique et d\u2019humaniser l\u2019image de l\u2019entreprise en mettant en avant les femmes et hommes qui la font fonctionner. Cela renforce la confiance aupr\u00e8s des clients, partenaires, et m\u00eame des futurs employ\u00e9s.<\/span><\/p>\n<p class=\"p1\"><span class=\"s1\">En conclusion, un photographe industriel ne se contente pas de prendre des photos ; il capture l\u2019essence de l\u2019entreprise et la transforme en un message visuel puissant qui sert la strat\u00e9gie de communication du groupe.<\/span><\/p>\n<p>Si l&rsquo;envie de devenir photographe professionnel fait parti de vos objectifs, voici une \u00e9cole que je vous recommande et qui pourra r\u00e9pondre \u00e0 toutes vos questions sur ce m\u00e9tier : <a href=\"https:\/\/lp.ecolescreatives.com\/formation\/etpa\" target=\"_blank\" rel=\"noopener\">l&rsquo;ETPA<\/a><\/p>\n<\/div>\n<\/div>\n<\/div>\n<\/div>\n<\/div>\n<\/div>\n<\/div>\n<\/div>\n<\/article>\n<\/div>\n<\/div>\n<\/div>\n<\/div>\n<\/div>\n","protected":false},"excerpt":{"rendered":"<p>L&rsquo;importance de la communication dans l&rsquo;univers industriel et la mission d&rsquo;un photographe de reportage industriel. Dans un monde de plus en plus ax\u00e9 sur l\u2019image, les entreprises industrielles doivent soigner leur communication visuelle pour mettre en avant leurs produits, leurs \u00e9quipes et leur savoir-faire. Un photographe industriel joue un r\u00f4le cl\u00e9 dans cette d\u00e9marche, en [&hellip;]<\/p>\n","protected":false},"author":2,"featured_media":2751,"comment_status":"open","ping_status":"open","sticky":false,"template":"","format":"standard","meta":{"_seopress_titles_title":"Le processus de r\u00e9alisation d'un reportage photo industriel","_seopress_titles_desc":"","_seopress_robots_index":"","_seopress_robots_follow":"","_seopress_robots_imageindex":"","_seopress_robots_snippet":"","_seopress_robots_primary_cat":"none","_seopress_robots_breadcrumbs":"","_seopress_robots_freeze_modified_date":"","_seopress_robots_custom_modified_date":"","_seopress_robots_canonical":"","_seopress_social_fb_title":"","_seopress_social_fb_desc":"","_seopress_social_fb_img":"","_seopress_social_fb_img_attachment_id":0,"_seopress_social_fb_img_width":0,"_seopress_social_fb_img_height":0,"_seopress_social_twitter_title":"","_seopress_social_twitter_desc":"","_seopress_social_twitter_img":"","_seopress_social_twitter_img_attachment_id":0,"_seopress_social_twitter_img_width":0,"_seopress_social_twitter_img_height":0,"_seopress_redirections_value":"","_seopress_redirections_enabled":"","_seopress_redirections_enabled_regex":"","_seopress_redirections_logged_status":"both","_seopress_redirections_param":"","_seopress_redirections_type":301,"_seopress_analysis_target_kw":"","_seopress_news_disabled":"","_seopress_video_disabled":"","_seopress_video":[],"_seopress_pro_schemas_manual":[],"_seopress_pro_rich_snippets_disable_all":"","_seopress_pro_rich_snippets_disable":[],"_seopress_pro_schemas":[],"inline_featured_image":false,"footnotes":""},"categories":[34],"tags":[],"class_list":["post-6656","post","type-post","status-publish","format-standard","has-post-thumbnail","hentry","category-etudes-de-cas"],"_links":{"self":[{"href":"https:\/\/www.xaviergranet.com\/en\/wp-json\/wp\/v2\/posts\/6656","targetHints":{"allow":["GET"]}}],"collection":[{"href":"https:\/\/www.xaviergranet.com\/en\/wp-json\/wp\/v2\/posts"}],"about":[{"href":"https:\/\/www.xaviergranet.com\/en\/wp-json\/wp\/v2\/types\/post"}],"author":[{"embeddable":true,"href":"https:\/\/www.xaviergranet.com\/en\/wp-json\/wp\/v2\/users\/2"}],"replies":[{"embeddable":true,"href":"https:\/\/www.xaviergranet.com\/en\/wp-json\/wp\/v2\/comments?post=6656"}],"version-history":[{"count":0,"href":"https:\/\/www.xaviergranet.com\/en\/wp-json\/wp\/v2\/posts\/6656\/revisions"}],"wp:featuredmedia":[{"embeddable":true,"href":"https:\/\/www.xaviergranet.com\/en\/wp-json\/wp\/v2\/media\/2751"}],"wp:attachment":[{"href":"https:\/\/www.xaviergranet.com\/en\/wp-json\/wp\/v2\/media?parent=6656"}],"wp:term":[{"taxonomy":"category","embeddable":true,"href":"https:\/\/www.xaviergranet.com\/en\/wp-json\/wp\/v2\/categories?post=6656"},{"taxonomy":"post_tag","embeddable":true,"href":"https:\/\/www.xaviergranet.com\/en\/wp-json\/wp\/v2\/tags?post=6656"}],"curies":[{"name":"wp","href":"https:\/\/api.w.org\/{rel}","templated":true}]}}