{"id":6697,"date":"2024-12-19T11:40:58","date_gmt":"2024-12-19T10:40:58","guid":{"rendered":"https:\/\/www.xaviergranet.com\/?p=6697"},"modified":"2024-12-19T15:49:03","modified_gmt":"2024-12-19T14:49:03","slug":"pourquoi-realiser-un-trombinoscope-en-entreprise","status":"publish","type":"post","link":"https:\/\/www.xaviergranet.com\/en\/pourquoi-realiser-un-trombinoscope-en-entreprise\/","title":{"rendered":"A professional photographer for your company directory."},"content":{"rendered":"<div class=\"flex-1 overflow-hidden\">\n<div class=\"h-full\">\n<div class=\"react-scroll-to-bottom--css-zohqb-79elbk h-full\">\n<div class=\"react-scroll-to-bottom--css-zohqb-1n7m0yu\">\n<div class=\"flex flex-col text-sm md:pb-9\">\n<article class=\"w-full scroll-mb-[var(--thread-trailing-height,150px)] text-token-text-primary focus-visible:outline-2 focus-visible:outline-offset-[-4px]\" dir=\"auto\" data-testid=\"conversation-turn-43\" data-scroll-anchor=\"true\">\n<div class=\"m-auto text-base py-[18px] px-3 md:px-4 w-full md:px-5 lg:px-4 xl:px-5\">\n<div class=\"mx-auto flex flex-1 gap-4 text-base md:gap-5 lg:gap-6 md:max-w-3xl lg:max-w-[40rem] xl:max-w-[48rem]\">\n<div class=\"group\/conversation-turn relative flex w-full min-w-0 flex-col agent-turn\">\n<div class=\"flex-col gap-1 md:gap-3\">\n<div class=\"flex max-w-full flex-col flex-grow\">\n<div class=\"min-h-8 text-message flex w-full flex-col items-end gap-2 whitespace-normal break-words [.text-message+&amp;]:mt-5\" dir=\"auto\" data-message-author-role=\"assistant\" data-message-id=\"25a42850-935b-47aa-97ff-d5dd5fbde96a\" data-message-model-slug=\"gpt-4o\">\n<div class=\"flex w-full flex-col gap-1 empty:hidden first:pt-[3px]\">\n<div class=\"markdown prose w-full break-words dark:prose-invert light\">\n<h2 class=\"p1\"><span class=\"s1\"><b>Vous souhaitez organiser une s\u00e9ance de photo trombinoscope pour votre entreprise ?<\/b><\/span><\/h2>\n<p><img decoding=\"async\" class=\"alignleft size-full wp-image-2856\" src=\"https:\/\/www.xaviergranet.com\/wp-content\/uploads\/2024\/01\/photographe-trombinoscope.jpg\" alt=\"Portrait cabinet d'avocats\" width=\"2000\" height=\"1333\" srcset=\"https:\/\/www.xaviergranet.com\/wp-content\/uploads\/2024\/01\/photographe-trombinoscope.jpg 2000w, https:\/\/www.xaviergranet.com\/wp-content\/uploads\/2024\/01\/photographe-trombinoscope-300x200.jpg 300w, https:\/\/www.xaviergranet.com\/wp-content\/uploads\/2024\/01\/photographe-trombinoscope-1030x686.jpg 1030w, https:\/\/www.xaviergranet.com\/wp-content\/uploads\/2024\/01\/photographe-trombinoscope-768x512.jpg 768w, https:\/\/www.xaviergranet.com\/wp-content\/uploads\/2024\/01\/photographe-trombinoscope-1536x1024.jpg 1536w, https:\/\/www.xaviergranet.com\/wp-content\/uploads\/2024\/01\/photographe-trombinoscope-1500x1000.jpg 1500w, https:\/\/www.xaviergranet.com\/wp-content\/uploads\/2024\/01\/photographe-trombinoscope-705x470.jpg 705w, https:\/\/www.xaviergranet.com\/wp-content\/uploads\/2024\/01\/photographe-trombinoscope-80x53.jpg 80w, https:\/\/www.xaviergranet.com\/wp-content\/uploads\/2024\/01\/photographe-trombinoscope-1260x840.jpg 1260w, https:\/\/www.xaviergranet.com\/wp-content\/uploads\/2024\/01\/photographe-trombinoscope-630x420.jpg 630w\" sizes=\"(max-width: 2000px) 100vw, 2000px\" \/><\/p>\n<p class=\"p2\"><span class=\"s1\">La r\u00e9alisation d\u2019un <b>trombinoscope professionnel<\/b> est une excellente mani\u00e8re de valoriser vos \u00e9quipes et d\u2019harmoniser votre communication visuelle. Faire appel \u00e0 un photographe professionnel garantit des portraits de qualit\u00e9, adapt\u00e9s \u00e0 vos supports de communication interne et externe. Voici comment se d\u00e9roule une s\u00e9ance de photo trombinoscope, de l\u2019installation d\u2019un studio mobile \u00e0 la livraison finale des clich\u00e9s.<\/span><\/p>\n<h3 class=\"p4\"><span class=\"s1\"><b>1. Pr\u00e9paration et planification<\/b><\/span><\/h3>\n<p class=\"p2\"><span class=\"s1\">Avant la s\u00e9ance photo, une phase de pr\u00e9paration est essentielle pour garantir un r\u00e9sultat optimal :<\/span><\/p>\n<ul class=\"ul1\">\n<li class=\"li5\"><span class=\"s1\"><b>D\u00e9finition des besoins<\/b> : Le photographe \u00e9change avec l\u2019entreprise pour comprendre ses attentes. Nombre de portraits, style (classique, moderne, naturel), format (web, print) et utilisation des photos sont clairement d\u00e9finis.<\/span><\/li>\n<li class=\"li5\"><span class=\"s1\"><b>Planification logistique<\/b> : Une date est fix\u00e9e en tenant compte des disponibilit\u00e9s des collaborateurs. Un planning pr\u00e9cis est \u00e9labor\u00e9 pour minimiser les perturbations dans le quotidien de l\u2019entreprise.<\/span><\/li>\n<li class=\"li5\"><span class=\"s1\"><b>Conseils vestimentaires<\/b> : Des recommandations sont fournies aux collaborateurs pour un dress code adapt\u00e9, garantissant une coh\u00e9rence visuelle entre les portraits.<\/span><\/li>\n<\/ul>\n<h3 class=\"p4\"><span class=\"s1\"><b>2. Installation d\u2019un studio mobile<\/b><\/span><\/h3>\n<p class=\"p2\"><span class=\"s1\">Le jour de la s\u00e9ance, le photographe installe un studio mobile directement dans les locaux de l\u2019entreprise. Cette solution pratique \u00e9vite les d\u00e9placements des collaborateurs et assure une organisation fluide.<\/span><\/p>\n<ul class=\"ul1\">\n<li class=\"li5\"><span class=\"s1\"><b>Mat\u00e9riel professionnel<\/b> : Le studio est \u00e9quip\u00e9 de fonds neutres, d\u2019\u00e9clairages adapt\u00e9s et d\u2019un appareil photo haut de gamme pour garantir des portraits nets et bien \u00e9clair\u00e9s.<\/span><\/li>\n<li class=\"li5\"><span class=\"s1\"><b>Adaptation \u00e0 l\u2019espace<\/b> : Le studio s\u2019installe facilement dans une salle de r\u00e9union ou un espace d\u00e9gag\u00e9, en s\u2019adaptant aux contraintes du lieu.<\/span><\/li>\n<\/ul>\n<h3><img decoding=\"async\" class=\"alignleft size-full wp-image-2855\" src=\"https:\/\/www.xaviergranet.com\/wp-content\/uploads\/2024\/01\/photographe-trombinoscope-institutionnel.jpg\" alt=\"Trombinoscope conseil en management\" width=\"2000\" height=\"1333\" srcset=\"https:\/\/www.xaviergranet.com\/wp-content\/uploads\/2024\/01\/photographe-trombinoscope-institutionnel.jpg 2000w, https:\/\/www.xaviergranet.com\/wp-content\/uploads\/2024\/01\/photographe-trombinoscope-institutionnel-300x200.jpg 300w, https:\/\/www.xaviergranet.com\/wp-content\/uploads\/2024\/01\/photographe-trombinoscope-institutionnel-1030x686.jpg 1030w, https:\/\/www.xaviergranet.com\/wp-content\/uploads\/2024\/01\/photographe-trombinoscope-institutionnel-768x512.jpg 768w, https:\/\/www.xaviergranet.com\/wp-content\/uploads\/2024\/01\/photographe-trombinoscope-institutionnel-1536x1024.jpg 1536w, https:\/\/www.xaviergranet.com\/wp-content\/uploads\/2024\/01\/photographe-trombinoscope-institutionnel-1500x1000.jpg 1500w, https:\/\/www.xaviergranet.com\/wp-content\/uploads\/2024\/01\/photographe-trombinoscope-institutionnel-705x470.jpg 705w, https:\/\/www.xaviergranet.com\/wp-content\/uploads\/2024\/01\/photographe-trombinoscope-institutionnel-80x53.jpg 80w, https:\/\/www.xaviergranet.com\/wp-content\/uploads\/2024\/01\/photographe-trombinoscope-institutionnel-1260x840.jpg 1260w, https:\/\/www.xaviergranet.com\/wp-content\/uploads\/2024\/01\/photographe-trombinoscope-institutionnel-630x420.jpg 630w\" sizes=\"(max-width: 2000px) 100vw, 2000px\" \/><\/h3>\n<h3 class=\"p4\"><span class=\"s1\"><b>3. Prise de vue : un portrait soign\u00e9 pour chaque collaborateur<\/b><\/span><\/h3>\n<p class=\"p2\"><span class=\"s1\">Lors de la s\u00e9ance, le photographe s\u2019attache \u00e0 mettre \u00e0 l\u2019aise chaque collaborateur pour obtenir des portraits naturels et professionnels :<\/span><\/p>\n<ul class=\"ul1\">\n<li class=\"li5\"><span class=\"s1\"><b>Direction personnalis\u00e9e<\/b> : Le photographe guide chaque personne pour adopter une posture et une expression qui les valorisent.<\/span><\/li>\n<li class=\"li5\"><span class=\"s1\"><b>Prises multiples<\/b> : Plusieurs clich\u00e9s sont r\u00e9alis\u00e9s pour garantir des options vari\u00e9es.<\/span><\/li>\n<li class=\"li5\"><span class=\"s1\"><b>Gestion des d\u00e9tails<\/b> : Attention port\u00e9e aux ajustements vestimentaires, aux reflets ou \u00e0 l\u2019\u00e9clairage pour un rendu impeccable.<\/span><\/li>\n<\/ul>\n<h3 class=\"p4\"><span class=\"s1\"><b>4. Suivi post-s\u00e9ance et traitement des images<\/b><\/span><\/h3>\n<p class=\"p2\"><span class=\"s1\">Une fois la s\u00e9ance termin\u00e9e, commence la phase de post-production, cruciale pour sublimer les portraits :<\/span><\/p>\n<ul class=\"ul1\">\n<li class=\"li5\"><span class=\"s1\"><b>Tri des photos<\/b> : Le photographe s\u00e9lectionne les meilleures prises pour chaque collaborateur.<\/span><\/li>\n<li class=\"li5\"><span class=\"s1\"><b>Retouches l\u00e9g\u00e8res<\/b> : Corrections de luminosit\u00e9, contrastes et peau pour un r\u00e9sultat naturel mais soign\u00e9.<\/span><\/li>\n<li class=\"li5\"><span class=\"s1\"><b>Mise au format<\/b> : Les images sont optimis\u00e9es selon les besoins (site web, intranet, brochures, etc.).<\/span><\/li>\n<\/ul>\n<h3 class=\"p4\"><span class=\"s1\"><b>5. Livraison des portraits<\/b><\/span><\/h3>\n<p class=\"p2\"><span class=\"s1\">Le processus se termine par la livraison des photos au client :<\/span><\/p>\n<ul class=\"ul1\">\n<li class=\"li5\"><span class=\"s1\"><b>Galerie num\u00e9rique s\u00e9curis\u00e9e<\/b> : Les images sont accessibles via un lien priv\u00e9 pour un t\u00e9l\u00e9chargement simple et rapide.<\/span><\/li>\n<li class=\"li5\"><span class=\"s1\"><b>Organisation des fichiers<\/b> : Les photos sont nomm\u00e9es et class\u00e9es pour une int\u00e9gration facile dans l\u2019organigramme ou le trombinoscope.<\/span><\/li>\n<\/ul>\n<h3><img decoding=\"async\" class=\"alignleft size-full wp-image-2242\" src=\"https:\/\/www.xaviergranet.com\/wp-content\/uploads\/2023\/12\/photographe-organigramme-entreprise.jpg\" alt=\"Portrait trombinoscope du chef d'entreprise\" width=\"2000\" height=\"1333\" srcset=\"https:\/\/www.xaviergranet.com\/wp-content\/uploads\/2023\/12\/photographe-organigramme-entreprise.jpg 2000w, https:\/\/www.xaviergranet.com\/wp-content\/uploads\/2023\/12\/photographe-organigramme-entreprise-1260x840.jpg 1260w, https:\/\/www.xaviergranet.com\/wp-content\/uploads\/2023\/12\/photographe-organigramme-entreprise-300x200.jpg 300w, https:\/\/www.xaviergranet.com\/wp-content\/uploads\/2023\/12\/photographe-organigramme-entreprise-768x512.jpg 768w, https:\/\/www.xaviergranet.com\/wp-content\/uploads\/2023\/12\/photographe-organigramme-entreprise-1030x686.jpg 1030w, https:\/\/www.xaviergranet.com\/wp-content\/uploads\/2023\/12\/photographe-organigramme-entreprise-1536x1024.jpg 1536w, https:\/\/www.xaviergranet.com\/wp-content\/uploads\/2023\/12\/photographe-organigramme-entreprise-1500x1000.jpg 1500w, https:\/\/www.xaviergranet.com\/wp-content\/uploads\/2023\/12\/photographe-organigramme-entreprise-705x470.jpg 705w, https:\/\/www.xaviergranet.com\/wp-content\/uploads\/2023\/12\/photographe-organigramme-entreprise-80x53.jpg 80w, https:\/\/www.xaviergranet.com\/wp-content\/uploads\/2023\/12\/photographe-organigramme-entreprise-580x386.jpg 580w, https:\/\/www.xaviergranet.com\/wp-content\/uploads\/2023\/12\/photographe-organigramme-entreprise-630x420.jpg 630w\" sizes=\"(max-width: 2000px) 100vw, 2000px\" \/><\/h3>\n<h3><\/h3>\n<\/div>\n<h3><\/h3>\n<div class=\"markdown prose w-full break-words dark:prose-invert light\">\n<h3><\/h3>\n<h3 class=\"p1\"><span class=\"s1\"><b>Les avantages d\u2019une s\u00e9ance de photo trombinoscope professionnelle<\/b><\/span><\/h3>\n<ul class=\"ul1\">\n<li class=\"li5\"><span class=\"s1\"><b>Uniformit\u00e9 et coh\u00e9rence<\/b> : Des portraits harmonis\u00e9s qui refl\u00e8tent le professionnalisme de l\u2019entreprise.<\/span><\/li>\n<li class=\"li5\"><span class=\"s1\"><b>Gain de temps<\/b> : La pr\u00e9sence du studio mobile sur place simplifie l\u2019organisation.<\/span><\/li>\n<li class=\"li5\"><span class=\"s1\"><b>Valorisation des collaborateurs<\/b> : Chaque portrait met en avant l\u2019identit\u00e9 et le r\u00f4le unique de chaque membre de l\u2019\u00e9quipe.<\/span><\/li>\n<\/ul>\n<p class=\"p2\"><span class=\"s1\">Organiser une s\u00e9ance de photo <a href=\"https:\/\/fr.wikipedia.org\/wiki\/Trombinoscope\" target=\"_blank\" rel=\"noopener\">trombinoscope<\/a> avec un photographe professionnel, c\u2019est investir dans une communication visuelle efficace et soign\u00e9e, qui renforce l\u2019image de votre entreprise et sa coh\u00e9sion interne. <strong>Contactez-moi d\u00e8s aujourd\u2019hui pour planifier votre s\u00e9ance et sublimer les portraits de vos \u00e9quipes !<\/strong><\/span><\/p>\n<\/div>\n<\/div>\n<\/div>\n<\/div>\n<\/div>\n<\/div>\n<\/div>\n<\/div>\n<\/article>\n<\/div>\n<\/div>\n<\/div>\n<\/div>\n<\/div>\n","protected":false},"excerpt":{"rendered":"<p>Vous souhaitez organiser une s\u00e9ance de photo trombinoscope pour votre entreprise ? La r\u00e9alisation d\u2019un trombinoscope professionnel est une excellente mani\u00e8re de valoriser vos \u00e9quipes et d\u2019harmoniser votre communication visuelle. Faire appel \u00e0 un photographe professionnel garantit des portraits de qualit\u00e9, adapt\u00e9s \u00e0 vos supports de communication interne et externe. Voici comment se d\u00e9roule une [&hellip;]<\/p>\n","protected":false},"author":2,"featured_media":2856,"comment_status":"open","ping_status":"open","sticky":false,"template":"","format":"standard","meta":{"_seopress_titles_title":"%%sitename%%","_seopress_titles_desc":"","_seopress_robots_index":"","_seopress_robots_follow":"","_seopress_robots_imageindex":"","_seopress_robots_snippet":"","_seopress_robots_primary_cat":"none","_seopress_robots_breadcrumbs":"","_seopress_robots_freeze_modified_date":"","_seopress_robots_custom_modified_date":"","_seopress_robots_canonical":"","_seopress_social_fb_title":"","_seopress_social_fb_desc":"","_seopress_social_fb_img":"","_seopress_social_fb_img_attachment_id":0,"_seopress_social_fb_img_width":0,"_seopress_social_fb_img_height":0,"_seopress_social_twitter_title":"","_seopress_social_twitter_desc":"","_seopress_social_twitter_img":"","_seopress_social_twitter_img_attachment_id":0,"_seopress_social_twitter_img_width":0,"_seopress_social_twitter_img_height":0,"_seopress_redirections_value":"","_seopress_redirections_enabled":"","_seopress_redirections_enabled_regex":"","_seopress_redirections_logged_status":"both","_seopress_redirections_param":"","_seopress_redirections_type":301,"_seopress_analysis_target_kw":"","_seopress_news_disabled":"","_seopress_video_disabled":"","_seopress_video":[],"_seopress_pro_schemas_manual":[],"_seopress_pro_rich_snippets_disable_all":"","_seopress_pro_rich_snippets_disable":[],"_seopress_pro_schemas":[],"inline_featured_image":false,"footnotes":""},"categories":[34],"tags":[],"class_list":["post-6697","post","type-post","status-publish","format-standard","has-post-thumbnail","hentry","category-etudes-de-cas"],"_links":{"self":[{"href":"https:\/\/www.xaviergranet.com\/en\/wp-json\/wp\/v2\/posts\/6697","targetHints":{"allow":["GET"]}}],"collection":[{"href":"https:\/\/www.xaviergranet.com\/en\/wp-json\/wp\/v2\/posts"}],"about":[{"href":"https:\/\/www.xaviergranet.com\/en\/wp-json\/wp\/v2\/types\/post"}],"author":[{"embeddable":true,"href":"https:\/\/www.xaviergranet.com\/en\/wp-json\/wp\/v2\/users\/2"}],"replies":[{"embeddable":true,"href":"https:\/\/www.xaviergranet.com\/en\/wp-json\/wp\/v2\/comments?post=6697"}],"version-history":[{"count":0,"href":"https:\/\/www.xaviergranet.com\/en\/wp-json\/wp\/v2\/posts\/6697\/revisions"}],"wp:featuredmedia":[{"embeddable":true,"href":"https:\/\/www.xaviergranet.com\/en\/wp-json\/wp\/v2\/media\/2856"}],"wp:attachment":[{"href":"https:\/\/www.xaviergranet.com\/en\/wp-json\/wp\/v2\/media?parent=6697"}],"wp:term":[{"taxonomy":"category","embeddable":true,"href":"https:\/\/www.xaviergranet.com\/en\/wp-json\/wp\/v2\/categories?post=6697"},{"taxonomy":"post_tag","embeddable":true,"href":"https:\/\/www.xaviergranet.com\/en\/wp-json\/wp\/v2\/tags?post=6697"}],"curies":[{"name":"wp","href":"https:\/\/api.w.org\/{rel}","templated":true}]}}