{"id":7004,"date":"2025-11-07T16:18:27","date_gmt":"2025-11-07T15:18:27","guid":{"rendered":"https:\/\/www.xaviergranet.com\/?p=7004"},"modified":"2025-11-07T16:19:26","modified_gmt":"2025-11-07T15:19:26","slug":"un-reportage-photo-evenementiel-un-outils-de-communication-virale","status":"publish","type":"post","link":"https:\/\/www.xaviergranet.com\/en\/un-reportage-photo-evenementiel-un-outils-de-communication-virale\/","title":{"rendered":"An event photo report, a viral communication tool."},"content":{"rendered":"<h3 data-start=\"178\" data-end=\"238\">Reportage photo \u00e9v\u00e9nementiel \u2013 Soir\u00e9e \u00ab Casino Royal \u00bb<\/h3>\n<p data-start=\"240\" data-end=\"537\">Dans le cadre d\u2019une collaboration \u00e9tablie avec une soci\u00e9t\u00e9 d\u2019expertise pour laquelle je r\u00e9alise r\u00e9guli\u00e8rement des <strong data-start=\"354\" data-end=\"384\">reportages photo corporate<\/strong> et des <strong data-start=\"392\" data-end=\"420\">portraits professionnels<\/strong>, j\u2019ai eu le plaisir d\u2019assurer la <strong data-start=\"454\" data-end=\"483\">couverture photographique<\/strong> d\u2019une soir\u00e9e interne sur le th\u00e8me \u00ab Casino Royal \u00bb.<\/p>\n<p data-start=\"539\" data-end=\"827\"><img decoding=\"async\" class=\"alignleft size-full wp-image-7005\" src=\"https:\/\/www.xaviergranet.com\/wp-content\/uploads\/2025\/11\/photographe-evenementiel.jpg\" alt=\"Photographe de reportage pour vos \u00e9v\u00e9nements ou vos soir\u00e9es\" width=\"1000\" height=\"667\" srcset=\"https:\/\/www.xaviergranet.com\/wp-content\/uploads\/2025\/11\/photographe-evenementiel.jpg 1000w, https:\/\/www.xaviergranet.com\/wp-content\/uploads\/2025\/11\/photographe-evenementiel-300x200.jpg 300w, https:\/\/www.xaviergranet.com\/wp-content\/uploads\/2025\/11\/photographe-evenementiel-768x512.jpg 768w, https:\/\/www.xaviergranet.com\/wp-content\/uploads\/2025\/11\/photographe-evenementiel-705x470.jpg 705w, https:\/\/www.xaviergranet.com\/wp-content\/uploads\/2025\/11\/photographe-evenementiel-80x53.jpg 80w, https:\/\/www.xaviergranet.com\/wp-content\/uploads\/2025\/11\/photographe-evenementiel-630x420.jpg 630w\" sizes=\"(max-width: 1000px) 100vw, 1000px\" \/>Ce <strong data-start=\"542\" data-end=\"561\">reportage photo<\/strong> visait \u00e0 documenter l\u2019\u00e9v\u00e9nement dans une approche \u00e0 la fois esth\u00e9tique et authentique. L\u2019objectif \u00e9tait de capturer les moments forts de la soir\u00e9e \u2014 \u00e9changes, rires, instants de d\u00e9tente, tout en mettant en valeur la convivialit\u00e9 et la coh\u00e9sion entre les \u00e9quipes.<\/p>\n<p><img decoding=\"async\" class=\"alignleft size-full wp-image-7007\" src=\"https:\/\/www.xaviergranet.com\/wp-content\/uploads\/2025\/11\/photo-soiree-evenementiel-scaled.jpg\" alt=\"Un photographe professionnel pour immortaliser vos \u00e9v\u00e9nements d'entreprise\" width=\"2560\" height=\"1707\" srcset=\"https:\/\/www.xaviergranet.com\/wp-content\/uploads\/2025\/11\/photo-soiree-evenementiel-scaled.jpg 2560w, https:\/\/www.xaviergranet.com\/wp-content\/uploads\/2025\/11\/photo-soiree-evenementiel-300x200.jpg 300w, https:\/\/www.xaviergranet.com\/wp-content\/uploads\/2025\/11\/photo-soiree-evenementiel-1030x687.jpg 1030w, https:\/\/www.xaviergranet.com\/wp-content\/uploads\/2025\/11\/photo-soiree-evenementiel-768x512.jpg 768w, https:\/\/www.xaviergranet.com\/wp-content\/uploads\/2025\/11\/photo-soiree-evenementiel-1536x1024.jpg 1536w, https:\/\/www.xaviergranet.com\/wp-content\/uploads\/2025\/11\/photo-soiree-evenementiel-2048x1365.jpg 2048w, https:\/\/www.xaviergranet.com\/wp-content\/uploads\/2025\/11\/photo-soiree-evenementiel-1500x1000.jpg 1500w, https:\/\/www.xaviergranet.com\/wp-content\/uploads\/2025\/11\/photo-soiree-evenementiel-705x470.jpg 705w, https:\/\/www.xaviergranet.com\/wp-content\/uploads\/2025\/11\/photo-soiree-evenementiel-80x53.jpg 80w, https:\/\/www.xaviergranet.com\/wp-content\/uploads\/2025\/11\/photo-soiree-evenementiel-1260x840.jpg 1260w, https:\/\/www.xaviergranet.com\/wp-content\/uploads\/2025\/11\/photo-soiree-evenementiel-scaled-630x420.jpg 630w\" sizes=\"(max-width: 2560px) 100vw, 2560px\" \/><\/p>\n<p data-start=\"829\" data-end=\"1216\">Mon approche repose sur la discr\u00e9tion et l\u2019observation : saisir des images naturelles, des gestes spontan\u00e9s et des \u00e9motions sinc\u00e8res pour restituer fid\u00e8lement l\u2019ambiance g\u00e9n\u00e9rale de l\u2019\u00e9v\u00e9nement. Le rendu final offre une s\u00e9rie d\u2019images coh\u00e9rentes et harmonieuses, adapt\u00e9es \u00e0 une utilisation en <strong data-start=\"1122\" data-end=\"1147\">communication interne<\/strong>, sur les <strong data-start=\"1157\" data-end=\"1176\">r\u00e9seaux sociaux<\/strong>.<\/p>\n<p data-start=\"1218\" data-end=\"1641\">Au-del\u00e0 de l\u2019aspect \u00e9v\u00e9nementiel, ce type de <strong data-start=\"1263\" data-end=\"1286\">reportage corporate<\/strong> contribue \u00e0 renforcer la communication visuelle d\u2019une entreprise. Il permet de valoriser les collaborateurs, de t\u00e9moigner de la vie interne et de renforcer le sentiment d\u2019appartenance. Ces images deviennent ainsi un support de communication durable, utile autant pour illustrer la culture d\u2019entreprise que pour nourrir sa strat\u00e9gie de marque employeur.<\/p>\n<p data-start=\"1218\" data-end=\"1641\"><img decoding=\"async\" class=\"alignleft size-full wp-image-7008\" src=\"https:\/\/www.xaviergranet.com\/wp-content\/uploads\/2025\/11\/soiree-event-scaled.jpg\" alt=\"Soir\u00e9e \u00e9v\u00e8nement pour une entreprise\" width=\"2560\" height=\"1674\" srcset=\"https:\/\/www.xaviergranet.com\/wp-content\/uploads\/2025\/11\/soiree-event-scaled.jpg 2560w, https:\/\/www.xaviergranet.com\/wp-content\/uploads\/2025\/11\/soiree-event-300x196.jpg 300w, https:\/\/www.xaviergranet.com\/wp-content\/uploads\/2025\/11\/soiree-event-1030x674.jpg 1030w, https:\/\/www.xaviergranet.com\/wp-content\/uploads\/2025\/11\/soiree-event-768x502.jpg 768w, https:\/\/www.xaviergranet.com\/wp-content\/uploads\/2025\/11\/soiree-event-1536x1004.jpg 1536w, https:\/\/www.xaviergranet.com\/wp-content\/uploads\/2025\/11\/soiree-event-2048x1339.jpg 2048w, https:\/\/www.xaviergranet.com\/wp-content\/uploads\/2025\/11\/soiree-event-1500x981.jpg 1500w, https:\/\/www.xaviergranet.com\/wp-content\/uploads\/2025\/11\/soiree-event-705x461.jpg 705w, https:\/\/www.xaviergranet.com\/wp-content\/uploads\/2025\/11\/soiree-event-80x52.jpg 80w\" sizes=\"(max-width: 2560px) 100vw, 2560px\" \/><\/p>\n<p data-start=\"1643\" data-end=\"1986\">Cette mission s\u2019inscrit dans la continuit\u00e9 d\u2019une relation professionnelle fond\u00e9e sur la confiance et la connaissance des besoins de communication de cette soci\u00e9t\u00e9. Chaque collaboration permet d\u2019affiner le regard port\u00e9 sur ses \u00e9quipes et son environnement de travail, afin de produire des visuels justes, coh\u00e9rents et au service de son image.<\/p>\n<p data-start=\"1643\" data-end=\"1986\"><img decoding=\"async\" class=\"alignleft size-full wp-image-7006\" src=\"https:\/\/www.xaviergranet.com\/wp-content\/uploads\/2025\/11\/photographe-soiree-evenement-scaled.jpg\" alt=\"Photographe pour vos soir\u00e9es d'entreprise\" width=\"2560\" height=\"1707\" srcset=\"https:\/\/www.xaviergranet.com\/wp-content\/uploads\/2025\/11\/photographe-soiree-evenement-scaled.jpg 2560w, https:\/\/www.xaviergranet.com\/wp-content\/uploads\/2025\/11\/photographe-soiree-evenement-300x200.jpg 300w, https:\/\/www.xaviergranet.com\/wp-content\/uploads\/2025\/11\/photographe-soiree-evenement-1030x687.jpg 1030w, https:\/\/www.xaviergranet.com\/wp-content\/uploads\/2025\/11\/photographe-soiree-evenement-768x512.jpg 768w, https:\/\/www.xaviergranet.com\/wp-content\/uploads\/2025\/11\/photographe-soiree-evenement-1536x1024.jpg 1536w, https:\/\/www.xaviergranet.com\/wp-content\/uploads\/2025\/11\/photographe-soiree-evenement-2048x1365.jpg 2048w, https:\/\/www.xaviergranet.com\/wp-content\/uploads\/2025\/11\/photographe-soiree-evenement-1500x1000.jpg 1500w, https:\/\/www.xaviergranet.com\/wp-content\/uploads\/2025\/11\/photographe-soiree-evenement-705x470.jpg 705w, https:\/\/www.xaviergranet.com\/wp-content\/uploads\/2025\/11\/photographe-soiree-evenement-80x53.jpg 80w, https:\/\/www.xaviergranet.com\/wp-content\/uploads\/2025\/11\/photographe-soiree-evenement-1260x840.jpg 1260w, https:\/\/www.xaviergranet.com\/wp-content\/uploads\/2025\/11\/photographe-soiree-evenement-scaled-630x420.jpg 630w\" sizes=\"(max-width: 2560px) 100vw, 2560px\" \/><\/p>","protected":false},"excerpt":{"rendered":"<p>Reportage photo \u00e9v\u00e9nementiel \u2013 Soir\u00e9e \u00ab Casino Royal \u00bb Dans le cadre d\u2019une collaboration \u00e9tablie avec une soci\u00e9t\u00e9 d\u2019expertise pour laquelle je r\u00e9alise r\u00e9guli\u00e8rement des reportages photo corporate et des portraits professionnels, j\u2019ai eu le plaisir d\u2019assurer la couverture photographique d\u2019une soir\u00e9e interne sur le th\u00e8me \u00ab Casino Royal \u00bb. Ce reportage photo visait \u00e0 [&hellip;]<\/p>\n","protected":false},"author":2,"featured_media":7005,"comment_status":"open","ping_status":"open","sticky":false,"template":"","format":"standard","meta":{"_seopress_titles_title":"%%sitename%%","_seopress_titles_desc":"","_seopress_robots_index":"","_seopress_robots_follow":"","_seopress_robots_imageindex":"","_seopress_robots_snippet":"","_seopress_robots_primary_cat":"none","_seopress_robots_breadcrumbs":"","_seopress_robots_freeze_modified_date":"","_seopress_robots_custom_modified_date":"","_seopress_robots_canonical":"","_seopress_social_fb_title":"","_seopress_social_fb_desc":"","_seopress_social_fb_img":"","_seopress_social_fb_img_attachment_id":0,"_seopress_social_fb_img_width":0,"_seopress_social_fb_img_height":0,"_seopress_social_twitter_title":"","_seopress_social_twitter_desc":"","_seopress_social_twitter_img":"","_seopress_social_twitter_img_attachment_id":0,"_seopress_social_twitter_img_width":0,"_seopress_social_twitter_img_height":0,"_seopress_redirections_value":"","_seopress_redirections_enabled":"","_seopress_redirections_enabled_regex":"","_seopress_redirections_logged_status":"both","_seopress_redirections_param":"","_seopress_redirections_type":301,"_seopress_analysis_target_kw":"","_seopress_news_disabled":"","_seopress_video_disabled":"","_seopress_video":[],"_seopress_pro_schemas_manual":[],"_seopress_pro_rich_snippets_disable_all":"","_seopress_pro_rich_snippets_disable":[],"_seopress_pro_schemas":[],"inline_featured_image":false,"footnotes":""},"categories":[34],"tags":[],"class_list":["post-7004","post","type-post","status-publish","format-standard","has-post-thumbnail","hentry","category-etudes-de-cas"],"_links":{"self":[{"href":"https:\/\/www.xaviergranet.com\/en\/wp-json\/wp\/v2\/posts\/7004","targetHints":{"allow":["GET"]}}],"collection":[{"href":"https:\/\/www.xaviergranet.com\/en\/wp-json\/wp\/v2\/posts"}],"about":[{"href":"https:\/\/www.xaviergranet.com\/en\/wp-json\/wp\/v2\/types\/post"}],"author":[{"embeddable":true,"href":"https:\/\/www.xaviergranet.com\/en\/wp-json\/wp\/v2\/users\/2"}],"replies":[{"embeddable":true,"href":"https:\/\/www.xaviergranet.com\/en\/wp-json\/wp\/v2\/comments?post=7004"}],"version-history":[{"count":0,"href":"https:\/\/www.xaviergranet.com\/en\/wp-json\/wp\/v2\/posts\/7004\/revisions"}],"wp:featuredmedia":[{"embeddable":true,"href":"https:\/\/www.xaviergranet.com\/en\/wp-json\/wp\/v2\/media\/7005"}],"wp:attachment":[{"href":"https:\/\/www.xaviergranet.com\/en\/wp-json\/wp\/v2\/media?parent=7004"}],"wp:term":[{"taxonomy":"category","embeddable":true,"href":"https:\/\/www.xaviergranet.com\/en\/wp-json\/wp\/v2\/categories?post=7004"},{"taxonomy":"post_tag","embeddable":true,"href":"https:\/\/www.xaviergranet.com\/en\/wp-json\/wp\/v2\/tags?post=7004"}],"curies":[{"name":"wp","href":"https:\/\/api.w.org\/{rel}","templated":true}]}}